{"id":4782,"date":"2025-05-15T14:47:07","date_gmt":"2025-05-15T12:47:07","guid":{"rendered":"https:\/\/sportplussrl.it\/villa-guardia\/?p=4782"},"modified":"2025-05-16T20:08:20","modified_gmt":"2025-05-16T18:08:20","slug":"apertura-iscrizioni-2025-2026","status":"publish","type":"post","link":"https:\/\/sportplussrl.it\/villa-guardia\/apertura-iscrizioni-2025-2026\/","title":{"rendered":"APERTURA ISCRIZIONI 2025-2026"},"content":{"rendered":"\n[et_pb_section fb_built=&#8221;1&#8243; fullwidth=&#8221;on&#8221; _builder_version=&#8221;4.27.4&#8243; _module_preset=&#8221;default&#8221; global_colors_info=&#8221;{}&#8221;][\/et_pb_section][et_pb_section fb_built=&#8221;1&#8243; _builder_version=&#8221;4.18.0&#8243; global_colors_info=&#8221;{}&#8221;][et_pb_row _builder_version=&#8221;4.16&#8243; background_size=&#8221;initial&#8221; background_position=&#8221;top_left&#8221; background_repeat=&#8221;repeat&#8221; custom_padding=&#8221;14px|||||&#8221; global_colors_info=&#8221;{}&#8221;][et_pb_column type=&#8221;4_4&#8243; _builder_version=&#8221;4.16&#8243; custom_padding=&#8221;|||&#8221; global_colors_info=&#8221;{}&#8221; custom_padding__hover=&#8221;|||&#8221;][et_pb_image src=&#8221;https:\/\/sportplussrl.it\/villa-guardia\/wp-content\/uploads\/sites\/3\/2025\/05\/header-sito-VILLA-GUARDIA-apertura-iscrizioni-2025-1.jpg&#8221; _builder_version=&#8221;4.27.4&#8243; _module_preset=&#8221;default&#8221; global_colors_info=&#8221;{}&#8221;][\/et_pb_image][et_pb_text _builder_version=&#8221;4.27.4&#8243; text_font_size=&#8221;18px&#8221; link_font=&#8221;||||on|||#0000ff|&#8221; link_text_color=&#8221;#0000ff&#8221; header_text_align=&#8221;center&#8221; header_text_color=&#8221;#004653&#8243; header_font_size=&#8221;39px&#8221; header_2_text_align=&#8221;center&#8221; header_2_text_color=&#8221;#004653&#8243; header_2_font_size=&#8221;30px&#8221; header_3_text_align=&#8221;center&#8221; header_3_text_color=&#8221;#004653&#8243; background_size=&#8221;initial&#8221; background_position=&#8221;top_left&#8221; background_repeat=&#8221;repeat&#8221; text_orientation=&#8221;center&#8221; custom_margin=&#8221;||36px|||&#8221; custom_padding=&#8221;||13px|||&#8221; global_colors_info=&#8221;{}&#8221;]<h1 style=\"text-align: center\">APERTURA ISCRIZIONI<\/h1>\n<h1 style=\"text-align: center\">STAGIONE 2025\/26<\/h1>[\/et_pb_text][et_pb_text _builder_version=&#8221;4.27.4&#8243; text_font_size=&#8221;18px&#8221; link_font=&#8221;||||on|||#0000ff|&#8221; link_text_color=&#8221;#0000ff&#8221; header_text_align=&#8221;center&#8221; header_text_color=&#8221;#96bc3d&#8221; header_font_size=&#8221;35px&#8221; header_2_text_align=&#8221;center&#8221; header_2_text_color=&#8221;#004653&#8243; header_2_font_size=&#8221;30px&#8221; header_3_text_align=&#8221;center&#8221; header_3_text_color=&#8221;#004653&#8243; header_4_text_color=&#8221;#96bc3d&#8221; background_size=&#8221;initial&#8221; background_position=&#8221;top_left&#8221; background_repeat=&#8221;repeat&#8221; text_orientation=&#8221;center&#8221; custom_margin=&#8221;||36px|||&#8221; custom_padding=&#8221;||13px|||&#8221; global_colors_info=&#8221;{}&#8221;]<h1 style=\"text-align: center\"><\/h1>\n<p>&nbsp;<\/p>\n<h1 style=\"text-align: center\">Sei pronto a liberare la tua energia?<\/h1>\n<h3 style=\"text-align: center\">ISCRIZIONI APERTE<br \/>ai CORSI della STAGIONE SPORTIVA 2025-2026.<\/h3>\n<p style=\"text-align: center\">Clicca qui per scoprire il palinsesto corsi e le nostre attivit\u00e0: <a href=\"http:\/\/www.sportplussrl.it\/villa-guardia\/palinsesto-2025-2026\">www.sportplussrl.it\/villa-guardia\/palinsesto-2025-2026<\/a><\/p>\n<p style=\"text-align: center\"><strong>GARANTISCI IL TUO POSTO<\/strong> iscrivendoti dal <strong>19\/05\/2025<\/strong> presso la nostra reception<br \/>senza rischiare di non trovare il tuo orario preferito e di arrivare con ansia al mese di settembre.<\/p>\n<p style=\"text-align: center\"><strong>Iscritti stagione 2024\/2025:<\/strong> dal 19\/05\/2025<br \/><strong>Nuovi iscritti:<\/strong> dal 03\/06\/2025<\/p>\n<h4 style=\"text-align: center\">Inoltre, se ti iscrivi entro il 30\/06\/2025, per te in omaggio 3 ingressi gratuiti al lido estivo.<\/h4>\n<p style=\"text-align: center\"><strong><br \/>RECEPTION<\/strong><br \/>La reception sar\u00e0 aperta nei seguenti giorni e orari:<br \/>luned\u00ec-mercoled\u00ec-venerd\u00ec 7.00-20.00<\/p>\n<p style=\"text-align: center\">marted\u00ec-gioved\u00ec 6.00-20.00<\/p>\n<p style=\"text-align: center\">sabato 08.00-15.45 \/ domenica 8.30-13.30<\/p>\n<p style=\"text-align: center\"><\/p>\n<p style=\"text-align: center\"><\/p>\n<p style=\"text-align: center\">RESTA AGGIORNATO<br \/>Pagina Facebook <a href=\"http:\/\/www.facebook.com\/SportPlusVillaGuardia\">\u201cSPORT PLUS VILLA GUARDIA\u201d<\/a><br \/>Pagina Instagram <a href=\"http:\/\/www.instagram.com\/sportplus_ssd\">\u201csportplus_ssd\u201d<\/a><\/p>\n<p style=\"text-align: center\">Ti aspettiamo!<\/p>[\/et_pb_text][\/et_pb_column][\/et_pb_row][\/et_pb_section][et_pb_section fb_built=&#8221;1&#8243; _builder_version=&#8221;4.27.4&#8243; _module_preset=&#8221;default&#8221; global_colors_info=&#8221;{}&#8221;][et_pb_row _builder_version=&#8221;4.27.4&#8243; _module_preset=&#8221;default&#8221; global_colors_info=&#8221;{}&#8221;][et_pb_column type=&#8221;4_4&#8243; _builder_version=&#8221;4.27.4&#8243; _module_preset=&#8221;default&#8221; global_colors_info=&#8221;{}&#8221;][\/et_pb_column][\/et_pb_row][\/et_pb_section]\n","protected":false},"excerpt":{"rendered":"","protected":false},"author":4,"featured_media":4821,"comment_status":"closed","ping_status":"closed","sticky":false,"template":"","format":"standard","meta":{"_et_pb_use_builder":"on","_et_pb_old_content":"<p>Welcome to WordPress. This is your first post. Edit or delete it, then start blogging!<\/p>","_et_gb_content_width":"","footnotes":""},"categories":[11],"tags":[],"class_list":["post-4782","post","type-post","status-publish","format-standard","has-post-thumbnail","hentry","category-news","et-has-post-format-content","et_post_format-et-post-format-standard"],"_links":{"self":[{"href":"https:\/\/sportplussrl.it\/villa-guardia\/wp-json\/wp\/v2\/posts\/4782","targetHints":{"allow":["GET"]}}],"collection":[{"href":"https:\/\/sportplussrl.it\/villa-guardia\/wp-json\/wp\/v2\/posts"}],"about":[{"href":"https:\/\/sportplussrl.it\/villa-guardia\/wp-json\/wp\/v2\/types\/post"}],"author":[{"embeddable":true,"href":"https:\/\/sportplussrl.it\/villa-guardia\/wp-json\/wp\/v2\/users\/4"}],"replies":[{"embeddable":true,"href":"https:\/\/sportplussrl.it\/villa-guardia\/wp-json\/wp\/v2\/comments?post=4782"}],"version-history":[{"count":6,"href":"https:\/\/sportplussrl.it\/villa-guardia\/wp-json\/wp\/v2\/posts\/4782\/revisions"}],"predecessor-version":[{"id":4822,"href":"https:\/\/sportplussrl.it\/villa-guardia\/wp-json\/wp\/v2\/posts\/4782\/revisions\/4822"}],"wp:featuredmedia":[{"embeddable":true,"href":"https:\/\/sportplussrl.it\/villa-guardia\/wp-json\/wp\/v2\/media\/4821"}],"wp:attachment":[{"href":"https:\/\/sportplussrl.it\/villa-guardia\/wp-json\/wp\/v2\/media?parent=4782"}],"wp:term":[{"taxonomy":"category","embeddable":true,"href":"https:\/\/sportplussrl.it\/villa-guardia\/wp-json\/wp\/v2\/categories?post=4782"},{"taxonomy":"post_tag","embeddable":true,"href":"https:\/\/sportplussrl.it\/villa-guardia\/wp-json\/wp\/v2\/tags?post=4782"}],"curies":[{"name":"wp","href":"https:\/\/api.w.org\/{rel}","templated":true}]}}